{"id":9834,"date":"2022-09-10T23:41:19","date_gmt":"2022-09-10T21:41:19","guid":{"rendered":"https:\/\/www.linuslundqvistracing.se\/?p=9834"},"modified":"2022-09-10T23:41:22","modified_gmt":"2022-09-10T21:41:22","slug":"linus-lundqvist-klar-mastare-i-indy-lights-2022","status":"publish","type":"post","link":"https:\/\/www.linuslundqvistracing.se\/sv\/archives\/9834","title":{"rendered":"Linus Lundqvist klar m\u00e4stare i Indy Lights 2022!"},"content":{"rendered":"<div class=\"wp-block-image\">\n<figure class=\"aligncenter size-large is-resized\"><a href=\"https:\/\/www.proclipusa.com\" target=\"_blank\" rel=\"noreferrer noopener\"><img loading=\"lazy\" decoding=\"async\" src=\"https:\/\/www.linuslundqvistracing.se\/wp-content\/uploads\/2022\/09\/ProClip-logo-1024x329.png\" alt=\"\" class=\"wp-image-9802\" width=\"256\" height=\"82\" srcset=\"https:\/\/www.linuslundqvistracing.se\/wp-content\/uploads\/2022\/09\/ProClip-logo-1024x329.png 1024w, https:\/\/www.linuslundqvistracing.se\/wp-content\/uploads\/2022\/09\/ProClip-logo-300x96.png 300w, https:\/\/www.linuslundqvistracing.se\/wp-content\/uploads\/2022\/09\/ProClip-logo-768x247.png 768w, https:\/\/www.linuslundqvistracing.se\/wp-content\/uploads\/2022\/09\/ProClip-logo-1536x493.png 1536w, https:\/\/www.linuslundqvistracing.se\/wp-content\/uploads\/2022\/09\/ProClip-logo.png 1900w\" sizes=\"auto, (max-width: 256px) 100vw, 256px\" \/><\/a><figcaption><em><a href=\"https:\/\/www.proclipusa.com\" target=\"_blank\" rel=\"noopener\">Event Title Sponsor<\/a><\/em><\/figcaption><\/figure>\n<\/div>\n\n\n<ul class=\"wp-block-list\"><li><em>F\u00f6rste svensk genom tiderna att ta hem INDYCAR-seriens fr\u00e4msta supportklass<\/em><\/li><li><em>S\u00e4krar fj\u00e4rde formelbilstiteln i f\u00f6rtid med ett race kvar att k\u00f6ra<\/em><\/li><\/ul>\n\n\n\n<h5 class=\"wp-block-heading\"><br><strong>Linus Lundqvist har s\u00e4krat 2022 \u00e5rs Indy Lights-titel och blir d\u00e4rmed den f\u00f6rste svensken genom tiderna att ta hem den amerikanska INDYCAR-seriens fr\u00e4msta supportklass.<\/strong><\/h5>\n\n\n\n<p>23-\u00e5rige Lundqvist b\u00e4rgade titeln med en stabil k\u00f6rning i l\u00f6rdagens inledande race vid finalhelgen p\u00e5 Laguna Seca-banan i Kalifornien, d\u00e4r han bakom ratten p\u00e5 sin HMD Motorsports-bil tog m\u00e5lflagg som sexa.\u00a0<\/p>\n\n\n\n<p>D\u00e4rmed l\u00e4ggs guldet bortom r\u00e4ckh\u00e5ll f\u00f6r Tyres\u00f6-f\u00f6rarens konkurrenter med ett race fortfarande kvar att k\u00f6ra.\u00a0<br><br><em>&#8211; Helt, helt galet,\u00a0<strong>utbrister Linus Lundqvist.<\/strong>\u00a0Det h\u00e4r har varit mitt stora m\u00e5l den h\u00e4r s\u00e4songen. Det \u00e4r n\u00e4stan sv\u00e5rt att greppa att vi faktiskt har gjort det; att det \u00e4r klart. Det h\u00e4r betyder allt f\u00f6r mig. En enorm k\u00e4nsla!<\/em><\/p>\n\n\n\n<div class=\"wp-block-columns is-layout-flex wp-container-core-columns-is-layout-9d6595d7 wp-block-columns-is-layout-flex\">\n<div class=\"wp-block-column is-layout-flow wp-block-column-is-layout-flow\">\n<figure class=\"wp-block-image size-large\"><img loading=\"lazy\" decoding=\"async\" width=\"1024\" height=\"683\" src=\"https:\/\/www.linuslundqvistracing.se\/wp-content\/uploads\/2022\/09\/LagunaLL-69-1024x683.jpg\" alt=\"\" class=\"wp-image-9840\" srcset=\"https:\/\/www.linuslundqvistracing.se\/wp-content\/uploads\/2022\/09\/LagunaLL-69-1024x683.jpg 1024w, https:\/\/www.linuslundqvistracing.se\/wp-content\/uploads\/2022\/09\/LagunaLL-69-1024x683-300x200.jpg 300w, https:\/\/www.linuslundqvistracing.se\/wp-content\/uploads\/2022\/09\/LagunaLL-69-768x512.jpg 768w, https:\/\/www.linuslundqvistracing.se\/wp-content\/uploads\/2022\/09\/LagunaLL-69-1536x1024.jpg 1536w, https:\/\/www.linuslundqvistracing.se\/wp-content\/uploads\/2022\/09\/LagunaLL-69-2048x1365.jpg 2048w\" sizes=\"auto, (max-width: 1024px) 100vw, 1024px\" \/><\/figure>\n<\/div>\n\n\n\n<div class=\"wp-block-column is-layout-flow wp-block-column-is-layout-flow\">\n<figure class=\"wp-block-image size-large\"><img loading=\"lazy\" decoding=\"async\" width=\"1024\" height=\"683\" src=\"https:\/\/www.linuslundqvistracing.se\/wp-content\/uploads\/2022\/09\/LagunaLL-66-1024x683.jpg\" alt=\"\" class=\"wp-image-9842\" srcset=\"https:\/\/www.linuslundqvistracing.se\/wp-content\/uploads\/2022\/09\/LagunaLL-66-1024x683.jpg 1024w, https:\/\/www.linuslundqvistracing.se\/wp-content\/uploads\/2022\/09\/LagunaLL-66-1024x683-300x200.jpg 300w, https:\/\/www.linuslundqvistracing.se\/wp-content\/uploads\/2022\/09\/LagunaLL-66-768x512.jpg 768w, https:\/\/www.linuslundqvistracing.se\/wp-content\/uploads\/2022\/09\/LagunaLL-66-1536x1024.jpg 1536w, https:\/\/www.linuslundqvistracing.se\/wp-content\/uploads\/2022\/09\/LagunaLL-66-2048x1365.jpg 2048w\" sizes=\"auto, (max-width: 1024px) 100vw, 1024px\" \/><\/figure>\n<\/div>\n<\/div>\n\n\n\n<p>Framg\u00e5ngen i Indy Lights \u00e4r av yttersta vikt i Lundqvists fortsatta kl\u00e4ttring mot den internationella racingtoppen. \u00d6ver 90 % av de f\u00f6rare som vunnit Indy Lights-titeln sedan premi\u00e4rupplagan 1986, inklusive fjol\u00e5rsm\u00e4staren Kyle Kirkwood, har sedermera avancerat till kungaklassen NTT INDYCAR SERIES.<\/p>\n\n\n\n<p>Bland&nbsp;dem som tagit steget till INDYCAR efter att ha vunnit Indy Lights m\u00e4rks storstj\u00e4rnor som Scott Dixon, Tony Kanaan och Josef Newgarden.&nbsp;&nbsp;<br><em>&nbsp;<\/em><br><em>&#8211; Det h\u00e4r \u00e4r det st\u00f6rsta och viktigaste som h\u00e4nt i mitt liv,&nbsp;<strong>konstaterar Linus Lundqvist<\/strong>. Jag \u00e4r otroligt glad, stolt och tacksam, s\u00e4rskilt gentemot mitt team HMD Motorsports with Dale Coyne Racing som hela tiden givit mig en konkurrenskraftig bil, och f\u00f6rst\u00e5s gentemot alla mina sponsorer, samarbetspartners och min familj som har en stor del i den h\u00e4r framg\u00e5ngen. N\u00e5gra av dem \u00e4r dessutom h\u00e4r i&nbsp;helgen. Vi gjorde det, tillsammans!<\/em><br><br>I och med slutsegern i Indy Lights uppr\u00e4tth\u00e5ller Linus Lundqvist den trend som givit honom en m\u00e4startitel vartannat \u00e5r sedan formelbilsdebuten 2015. Tyres\u00f6-sonen har tidigare utropats till m\u00e4stare i svenska <strong>Formula STCC Nordic<\/strong> (2016), <strong>brittiska Formel 3<\/strong> (2018) och amerikanska F3-serien <strong>Formula Regional Americas<\/strong> (2020).&nbsp;<br><br>Indy Lights-s\u00e4songen avslutas med \u00e5rets 14:e och sista race i morgon s\u00f6ndag. Linus Lundqvist kommer att starta i f\u00f6rsta led efter att ha kvalat in bara en hundradel fr\u00e5n pole position.<\/p>\n\n<!--themify_builder_content-->\n<div id=\"themify_builder_content-9834\" data-postid=\"9834\" class=\"themify_builder_content themify_builder_content-9834 themify_builder tf_clear\">\n    <\/div>\n<!--\/themify_builder_content-->","protected":false},"excerpt":{"rendered":"<p>Linus Lundqvist har s\u00e4krat 2022 \u00e5rs Indy Lights-titel och blir d\u00e4rmed den f\u00f6rste svensken genom tiderna att ta hem den amerikanska INDYCAR-seriens fr\u00e4msta supportklass&#8230;<\/p>\n","protected":false},"author":1,"featured_media":9838,"comment_status":"open","ping_status":"open","sticky":false,"template":"","format":"standard","meta":{"_monsterinsights_skip_tracking":false,"_monsterinsights_sitenote_active":false,"_monsterinsights_sitenote_note":"","_monsterinsights_sitenote_category":0,"footnotes":"","_links_to":"","_links_to_target":""},"categories":[30],"tags":[],"class_list":["post-9834","post","type-post","status-publish","format-standard","has-post-thumbnail","hentry","category-nyhet","has-post-title","has-post-date","has-post-category","has-post-tag","has-post-comment","has-post-author",""],"aioseo_notices":[],"builder_content":"","_links":{"self":[{"href":"https:\/\/www.linuslundqvistracing.se\/sv\/wp-json\/wp\/v2\/posts\/9834","targetHints":{"allow":["GET"]}}],"collection":[{"href":"https:\/\/www.linuslundqvistracing.se\/sv\/wp-json\/wp\/v2\/posts"}],"about":[{"href":"https:\/\/www.linuslundqvistracing.se\/sv\/wp-json\/wp\/v2\/types\/post"}],"author":[{"embeddable":true,"href":"https:\/\/www.linuslundqvistracing.se\/sv\/wp-json\/wp\/v2\/users\/1"}],"replies":[{"embeddable":true,"href":"https:\/\/www.linuslundqvistracing.se\/sv\/wp-json\/wp\/v2\/comments?post=9834"}],"version-history":[{"count":2,"href":"https:\/\/www.linuslundqvistracing.se\/sv\/wp-json\/wp\/v2\/posts\/9834\/revisions"}],"predecessor-version":[{"id":9844,"href":"https:\/\/www.linuslundqvistracing.se\/sv\/wp-json\/wp\/v2\/posts\/9834\/revisions\/9844"}],"wp:featuredmedia":[{"embeddable":true,"href":"https:\/\/www.linuslundqvistracing.se\/sv\/wp-json\/wp\/v2\/media\/9838"}],"wp:attachment":[{"href":"https:\/\/www.linuslundqvistracing.se\/sv\/wp-json\/wp\/v2\/media?parent=9834"}],"wp:term":[{"taxonomy":"category","embeddable":true,"href":"https:\/\/www.linuslundqvistracing.se\/sv\/wp-json\/wp\/v2\/categories?post=9834"},{"taxonomy":"post_tag","embeddable":true,"href":"https:\/\/www.linuslundqvistracing.se\/sv\/wp-json\/wp\/v2\/tags?post=9834"}],"curies":[{"name":"wp","href":"https:\/\/api.w.org\/{rel}","templated":true}]}}