{"id":5229,"date":"2020-04-07T21:12:50","date_gmt":"2020-04-07T19:12:50","guid":{"rendered":"http:\/\/www.linuslundqvistracing.se\/?p=5229"},"modified":"2020-04-20T12:30:52","modified_gmt":"2020-04-20T10:30:52","slug":"linus-i-iracing-debut-i-natt","status":"publish","type":"post","link":"https:\/\/www.linuslundqvistracing.se\/sv\/archives\/5229","title":{"rendered":"Linus i iRacing-debut i natt"},"content":{"rendered":"<h5 class=\"wp-block-heading\">Linus kommer att debutera i virtuella racingsammanhang i natt, natten mot onsdag, n\u00e4r han g\u00f6r entr\u00e9 i Formula Regional Americas iRacing-m\u00e4sterskap.<\/h5>\n\n\n\n<p>L\u00e4s mer, och kolla in racet p\u00e5 Virginia International Raceway med start kl. 01.10, genom l\u00e4nkarna nedan. <\/p>\n\n\n\n<p><strong>Mer information: <\/strong><a rel=\"noreferrer noopener\" href=\"https:\/\/www.framericas.com\/articles\/2013596-fr-americas-iracing-invitational-championship-maxes-out-grid-for-round-3-at-vir\" target=\"_blank\">https:\/\/www.framericas.com\/articles\/2013596-fr-americas-iracing-invitational-championship-maxes-out-grid-for-round-3-at-vir <\/a><\/p>\n\n\n\n<p><strong><span class=\"has-inline-color has-very-dark-gray-color\">Livestream:<\/span> <\/strong><a rel=\"noreferrer noopener\" href=\"https:\/\/www.youtube.com\/watch?v=wYVz40idpGU\" target=\"_blank\">https:\/\/www.youtube.com\/watch?v=wYVz40idpGU<\/a> och nedan<\/p>\n\n\n\n<div class=\"post-video\"><iframe loading=\"lazy\" title=\"FR Americas iRacing Invitational Championship | Round 3 at VIR\" width=\"1165\" height=\"874\" src=\"https:\/\/www.youtube.com\/embed\/wYVz40idpGU?feature=oembed\" frameborder=\"0\" allow=\"accelerometer; autoplay; encrypted-media; gyroscope; picture-in-picture\" allowfullscreen><\/iframe><\/div>\n\n<!--themify_builder_content-->\n<div id=\"themify_builder_content-5229\" data-postid=\"5229\" class=\"themify_builder_content themify_builder_content-5229 themify_builder tf_clear\">\n    <\/div>\n<!--\/themify_builder_content-->","protected":false},"excerpt":{"rendered":"<p>Deltar i Formula Regional Americas-race p\u00e5 VIR<\/p>\n","protected":false},"author":1,"featured_media":5298,"comment_status":"open","ping_status":"open","sticky":false,"template":"","format":"standard","meta":{"_monsterinsights_skip_tracking":false,"_monsterinsights_sitenote_active":false,"_monsterinsights_sitenote_note":"","_monsterinsights_sitenote_category":0,"footnotes":"","_links_to":"","_links_to_target":""},"categories":[30],"tags":[],"class_list":["post-5229","post","type-post","status-publish","format-standard","has-post-thumbnail","hentry","category-nyhet","has-post-title","has-post-date","has-post-category","has-post-tag","has-post-comment","has-post-author",""],"aioseo_notices":[],"builder_content":"","_links":{"self":[{"href":"https:\/\/www.linuslundqvistracing.se\/sv\/wp-json\/wp\/v2\/posts\/5229","targetHints":{"allow":["GET"]}}],"collection":[{"href":"https:\/\/www.linuslundqvistracing.se\/sv\/wp-json\/wp\/v2\/posts"}],"about":[{"href":"https:\/\/www.linuslundqvistracing.se\/sv\/wp-json\/wp\/v2\/types\/post"}],"author":[{"embeddable":true,"href":"https:\/\/www.linuslundqvistracing.se\/sv\/wp-json\/wp\/v2\/users\/1"}],"replies":[{"embeddable":true,"href":"https:\/\/www.linuslundqvistracing.se\/sv\/wp-json\/wp\/v2\/comments?post=5229"}],"version-history":[{"count":13,"href":"https:\/\/www.linuslundqvistracing.se\/sv\/wp-json\/wp\/v2\/posts\/5229\/revisions"}],"predecessor-version":[{"id":5299,"href":"https:\/\/www.linuslundqvistracing.se\/sv\/wp-json\/wp\/v2\/posts\/5229\/revisions\/5299"}],"wp:featuredmedia":[{"embeddable":true,"href":"https:\/\/www.linuslundqvistracing.se\/sv\/wp-json\/wp\/v2\/media\/5298"}],"wp:attachment":[{"href":"https:\/\/www.linuslundqvistracing.se\/sv\/wp-json\/wp\/v2\/media?parent=5229"}],"wp:term":[{"taxonomy":"category","embeddable":true,"href":"https:\/\/www.linuslundqvistracing.se\/sv\/wp-json\/wp\/v2\/categories?post=5229"},{"taxonomy":"post_tag","embeddable":true,"href":"https:\/\/www.linuslundqvistracing.se\/sv\/wp-json\/wp\/v2\/tags?post=5229"}],"curies":[{"name":"wp","href":"https:\/\/api.w.org\/{rel}","templated":true}]}}